{"id":9131,"date":"2019-05-06T20:38:49","date_gmt":"2019-05-06T20:38:49","guid":{"rendered":"http:\/\/www.cassana-inmobiliaria.com\/?p=9131"},"modified":"2019-05-06T20:38:49","modified_gmt":"2019-05-06T20:38:49","slug":"entra-en-vigor-el-nou-pla-estatal-2013-2016-de-foment-del-lloguer-de-vivendes-i-pisos-i-rehabilitacio-d-edificis","status":"publish","type":"post","link":"https:\/\/www.cassana-inmobiliaria.com\/ca\/entra-en-vigor-el-nou-pla-estatal-2013-2016-de-foment-del-lloguer-de-vivendes-i-pisos-i-rehabilitacio-d-edificis\/","title":{"rendered":"Entra en vigor el nou Pla Estatal 2013-2016 de foment del lloguer de vivendes i pisos, i rehabilitaci\u00f3 d&#8217; edificis"},"content":{"rendered":"<p>Entra en vigor el nou Pla Estatal de foment del lloguer de vivendes. El passat 10 d&#8217;Abril es va publicar al Bolet\u00edn Oficial del Estado el Real Decret 233\/2013, de 5 d&#8217;Abril, pel qual es regula aquest Pla que naix amb l&#8217;objectiu de fomentar el mercat de lloguer de pisos i vivendes, aix\u00ed com la rehabilitaci\u00f3 d&#8217;edificis. El Pla contempla un nou programa que permitisca a les Administracions P\u00fabliques crear un parc p\u00fablic de vivendes en lloguer.<\/p>\n<p>El nou Pla t\u00e9 un horitz\u00f3 temporal de quatre anys (2013-2016) i destaca, entre altres aspectes, per un nou sistema d&#8217;ajudes al lloguer de pisos que, en principi, pareix m\u00e9s equitatiu.<\/p>\n<p>Aquestes ajudes al lloguer es van a atorgar en funci\u00f3 de la renta (es busca aquest aspecte com criteri objectiu), es van a calcular en funci\u00f3 de la unitat de conviv\u00e8ncia (no dels individus), limiten la quantitat dels lloguers (la renta de lloguer no deu superar els 600 Euros mensuals) i financien una proporci\u00f3 del lloguer (sense assignar-se una quantitat fixa).<\/p>\n<p>El beneficiari de l&#8217;ajuda deur\u00e0 haver subscrit un contracte de lloguer en el que s&#8217;indique expressament la refer\u00e8ncia catastral del pis o vivienda que es lloga. L&#8217;ajuda que s&#8217;assignar\u00e0 al beneficiari no podr\u00e0 superar el 40% de l&#8217;import de la renta anual, establint-se un l\u00edmit m\u00e0xim de 2.400 Euros a l&#8217;any, \u00e9s a dir, de 200 Euros al mes.<\/p>\n","protected":false},"excerpt":{"rendered":"<p>Entra en vigor el nou Pla Estatal de foment del lloguer de vivendes. El passat 10 d&#8217;Abril es va publicar al Bolet\u00edn Oficial del Estado el Real Decret 233\/2013, de 5 d&#8217;Abril, pel qual es regula aquest Pla que naix amb l&#8217;objectiu de fomentar el mercat de lloguer de pisos i vivendes, aix\u00ed com la [&hellip;]<\/p>\n","protected":false},"author":1,"featured_media":0,"comment_status":"closed","ping_status":"closed","sticky":false,"template":"","format":"standard","meta":{"footnotes":""},"categories":[217],"tags":[],"class_list":["post-9131","post","type-post","status-publish","format-standard","hentry","category-articles-ca"],"_links":{"self":[{"href":"https:\/\/www.cassana-inmobiliaria.com\/ca\/wp-json\/wp\/v2\/posts\/9131","targetHints":{"allow":["GET"]}}],"collection":[{"href":"https:\/\/www.cassana-inmobiliaria.com\/ca\/wp-json\/wp\/v2\/posts"}],"about":[{"href":"https:\/\/www.cassana-inmobiliaria.com\/ca\/wp-json\/wp\/v2\/types\/post"}],"author":[{"embeddable":true,"href":"https:\/\/www.cassana-inmobiliaria.com\/ca\/wp-json\/wp\/v2\/users\/1"}],"replies":[{"embeddable":true,"href":"https:\/\/www.cassana-inmobiliaria.com\/ca\/wp-json\/wp\/v2\/comments?post=9131"}],"version-history":[{"count":0,"href":"https:\/\/www.cassana-inmobiliaria.com\/ca\/wp-json\/wp\/v2\/posts\/9131\/revisions"}],"wp:attachment":[{"href":"https:\/\/www.cassana-inmobiliaria.com\/ca\/wp-json\/wp\/v2\/media?parent=9131"}],"wp:term":[{"taxonomy":"category","embeddable":true,"href":"https:\/\/www.cassana-inmobiliaria.com\/ca\/wp-json\/wp\/v2\/categories?post=9131"},{"taxonomy":"post_tag","embeddable":true,"href":"https:\/\/www.cassana-inmobiliaria.com\/ca\/wp-json\/wp\/v2\/tags?post=9131"}],"curies":[{"name":"wp","href":"https:\/\/api.w.org\/{rel}","templated":true}]}}